{"id":25334,"date":"2021-10-01T13:23:48","date_gmt":"2021-10-01T11:23:48","guid":{"rendered":"https:\/\/keen-proskuriakova.161-35-210-132.plesk.page\/?p=25334"},"modified":"2021-10-21T13:03:42","modified_gmt":"2021-10-21T11:03:42","slug":"der-typische-oktoberfest-besucher","status":"publish","type":"post","link":"https:\/\/oktoberfest-tischreservierungen.de\/en\/der-typische-oktoberfest-besucher\/","title":{"rendered":"Der typische Oktoberfest-Besucher"},"content":{"rendered":"<div data-elementor-type=\"wp-post\" data-elementor-id=\"25334\" class=\"elementor elementor-25334\" data-elementor-post-type=\"post\">\n\t\t\t\t\t\t<section class=\"elementor-section elementor-top-section elementor-element elementor-element-007aa40 elementor-section-boxed elementor-section-height-default elementor-section-height-default\" data-id=\"007aa40\" data-element_type=\"section\">\n\t\t\t\t\t\t<div class=\"elementor-container elementor-column-gap-default\">\n\t\t\t\t\t<div class=\"elementor-column elementor-col-100 elementor-top-column elementor-element elementor-element-2074523\" data-id=\"2074523\" data-element_type=\"column\">\n\t\t\t<div class=\"elementor-widget-wrap elementor-element-populated\">\n\t\t\t\t\t\t<div class=\"elementor-element elementor-element-b6444e8 elementor-widget elementor-widget-text-editor\" data-id=\"b6444e8\" data-element_type=\"widget\" data-widget_type=\"text-editor.default\">\n\t\t\t\t<div class=\"elementor-widget-container\">\n\t\t\t\t\t\t\t\t\t<p>Obwohl die Konkurrenz aus dem Ausland gro\u00df ist, ist die Wiesn mit 6,3 Millionen Besuchern allein im Jahr 2019 noch immer das gr\u00f6\u00dfte Volksfest der Welt. Wer einmal auf dem Oktoberfest war, der wird sp\u00e4testens durch die vielen verschiedenen Sprachen, die dort gesprochen werden, schnell merken, dass die Besucher nicht nur aus Bayern kommen.<\/p>\n<p>Doch woher kommen die Besucher dann? Laut einer Studie, die das Referat f\u00fcr Arbeit und Wirtschaft der Stadt M\u00fcnchen im Jahr 2008 in Auftrag gab, stammt der Gro\u00dfteil der Wiesnbesucher mit 72% aus Bayern, davon 60% aus M\u00fcnchen und 12% aus dem restlichen Bayern. Aus den \u00fcbrigen deutschen Bundesl\u00e4ndern kommen 9% der Besucher, die verbleibenden 19% der G\u00e4ste kommen aus dem Ausland, vor allem aus Italien, den USA, England, Australien und \u00d6sterreich.<\/p>\n<p>Wer aufs Oktoberfest geht, wei\u00df also auf wen er dort h\u00f6chstwahrscheinlich treffen wird. Falls Sie 2022 das erste Mal die Wiesn besuchen, stellen wir Ihnen die 3 typischen Oktoberfest-G\u00e4nger an dieser Stelle noch einmal genauer vor:<\/p>\n<p>1. Der Ur-Bayer<\/p>\n<p>Auf dem Oktoberfest kommen allj\u00e4hrlich alle Dinge zusammen, die die Bayern lieben: ihre Trachten, bayerische Volksmusik und urige Gem\u00fctlichkeit im Festzelt mit Hendl und s\u00fcffigem Festbier. In dementsprechend gel\u00f6ster Stimmung wird der ausgepr\u00e4gte Dialekt der Ur-Bayern f\u00fcr alle anderen noch unverst\u00e4ndlicher als sonst auch. Bei Missverst\u00e4ndnissen bleiben Sie daher einfach entspannt und w\u00fcnschen Ihrem Gegen\u00fcber ein Prosit der Gem\u00fctlichkeit!<\/p>\n<p>2. Italiener auf dem Festa d&#8217;Ottobre<\/p>\n<p>Traditionellerweise kommen Italiener vor allem am zweiten Oktoberfestwochenende nach M\u00fcnchen, besonders an diesen Tagen werden Sie also mit Sicherheit auf Italiener treffen. Diese kommen in der Regel mit dem Wohnwagen und schon seit mehreren Jahren und kennen sich daher auf der Wiesn bestens aus. Mittlerweile werden zu Drangzeiten sogar S\u00fcdtiroler Polizisten eingesetzt, um Verst\u00e4ndigunsprobleme zu vermeiden.<\/p>\n<p>3. Der Australier\/Engl\u00e4nder\/Amerikaner<\/p>\n<p>Diese Wiesnbesucher finden Sie haupts\u00e4chlich im Hofbr\u00e4u Zelt, wo Sie auf den Tischen tanzen und sich solange ausziehen bis Sie aus dem Zelt fliegen. Falls Sie noch bekleidet sind, dann erkennen Sie die englischen Touristen schon von Weitem an ihren Outfits, die aus den merkw\u00fcrdigsten St\u00fccken bestehen, die die Souvenir Shops verkaufen.<\/p>\t\t\t\t\t\t\t\t<\/div>\n\t\t\t\t<\/div>\n\t\t\t\t\t<\/div>\n\t\t<\/div>\n\t\t\t\t\t<\/div>\n\t\t<\/section>\n\t\t\t\t<\/div>","protected":false},"excerpt":{"rendered":"<p>Obwohl die Konkurrenz aus dem Ausland gro\u00df ist, ist die Wiesn mit 6,3 Millionen Besuchern allein im Jahr 2019 noch immer das gr\u00f6\u00dfte Volksfest der Welt.<\/p>","protected":false},"author":8,"featured_media":25348,"comment_status":"open","ping_status":"open","sticky":false,"template":"","format":"standard","meta":{"_eb_attr":"","content-type":"","ocean_post_layout":"full-width","ocean_both_sidebars_style":"","ocean_both_sidebars_content_width":0,"ocean_both_sidebars_sidebars_width":0,"ocean_sidebar":"0","ocean_second_sidebar":"0","ocean_disable_margins":"enable","ocean_add_body_class":"","ocean_shortcode_before_top_bar":"","ocean_shortcode_after_top_bar":"","ocean_shortcode_before_header":"","ocean_shortcode_after_header":"","ocean_has_shortcode":"","ocean_shortcode_after_title":"","ocean_shortcode_before_footer_widgets":"","ocean_shortcode_after_footer_widgets":"","ocean_shortcode_before_footer_bottom":"","ocean_shortcode_after_footer_bottom":"","ocean_display_top_bar":"default","ocean_display_header":"default","ocean_header_style":"","ocean_center_header_left_menu":"0","ocean_custom_header_template":"0","ocean_custom_logo":0,"ocean_custom_retina_logo":0,"ocean_custom_logo_max_width":0,"ocean_custom_logo_tablet_max_width":0,"ocean_custom_logo_mobile_max_width":0,"ocean_custom_logo_max_height":0,"ocean_custom_logo_tablet_max_height":0,"ocean_custom_logo_mobile_max_height":0,"ocean_header_custom_menu":"0","ocean_menu_typo_font_family":"0","ocean_menu_typo_font_subset":"","ocean_menu_typo_font_size":0,"ocean_menu_typo_font_size_tablet":0,"ocean_menu_typo_font_size_mobile":0,"ocean_menu_typo_font_size_unit":"px","ocean_menu_typo_font_weight":"","ocean_menu_typo_font_weight_tablet":"","ocean_menu_typo_font_weight_mobile":"","ocean_menu_typo_transform":"","ocean_menu_typo_transform_tablet":"","ocean_menu_typo_transform_mobile":"","ocean_menu_typo_line_height":0,"ocean_menu_typo_line_height_tablet":0,"ocean_menu_typo_line_height_mobile":0,"ocean_menu_typo_line_height_unit":"","ocean_menu_typo_spacing":0,"ocean_menu_typo_spacing_tablet":0,"ocean_menu_typo_spacing_mobile":0,"ocean_menu_typo_spacing_unit":"","ocean_menu_link_color":"","ocean_menu_link_color_hover":"","ocean_menu_link_color_active":"","ocean_menu_link_background":"","ocean_menu_link_hover_background":"","ocean_menu_link_active_background":"","ocean_menu_social_links_bg":"","ocean_menu_social_hover_links_bg":"","ocean_menu_social_links_color":"","ocean_menu_social_hover_links_color":"","ocean_disable_title":"default","ocean_disable_heading":"default","ocean_post_title":"","ocean_post_subheading":"","ocean_post_title_style":"","ocean_post_title_background_color":"","ocean_post_title_background":0,"ocean_post_title_bg_image_position":"","ocean_post_title_bg_image_attachment":"","ocean_post_title_bg_image_repeat":"","ocean_post_title_bg_image_size":"","ocean_post_title_height":0,"ocean_post_title_bg_overlay":0.5,"ocean_post_title_bg_overlay_color":"","ocean_disable_breadcrumbs":"default","ocean_breadcrumbs_color":"","ocean_breadcrumbs_separator_color":"","ocean_breadcrumbs_links_color":"","ocean_breadcrumbs_links_hover_color":"","ocean_display_footer_widgets":"default","ocean_display_footer_bottom":"default","ocean_custom_footer_template":"0","ocean_post_oembed":"","ocean_post_self_hosted_media":"","ocean_post_video_embed":"","ocean_link_format":"","ocean_link_format_target":"self","ocean_quote_format":"","ocean_quote_format_link":"post","ocean_gallery_link_images":"off","ocean_gallery_id":[],"footnotes":""},"categories":[30,1],"tags":[],"class_list":["post-25334","post","type-post","status-publish","format-standard","has-post-thumbnail","hentry","category-information","category-uncategorised","entry","has-media","owp-thumbs-layout-horizontal","owp-btn-big","owp-tabs-layout-horizontal","has-no-thumbnails"],"_links":{"self":[{"href":"https:\/\/oktoberfest-tischreservierungen.de\/en\/wp-json\/wp\/v2\/posts\/25334","targetHints":{"allow":["GET"]}}],"collection":[{"href":"https:\/\/oktoberfest-tischreservierungen.de\/en\/wp-json\/wp\/v2\/posts"}],"about":[{"href":"https:\/\/oktoberfest-tischreservierungen.de\/en\/wp-json\/wp\/v2\/types\/post"}],"author":[{"embeddable":true,"href":"https:\/\/oktoberfest-tischreservierungen.de\/en\/wp-json\/wp\/v2\/users\/8"}],"replies":[{"embeddable":true,"href":"https:\/\/oktoberfest-tischreservierungen.de\/en\/wp-json\/wp\/v2\/comments?post=25334"}],"version-history":[{"count":13,"href":"https:\/\/oktoberfest-tischreservierungen.de\/en\/wp-json\/wp\/v2\/posts\/25334\/revisions"}],"predecessor-version":[{"id":25347,"href":"https:\/\/oktoberfest-tischreservierungen.de\/en\/wp-json\/wp\/v2\/posts\/25334\/revisions\/25347"}],"wp:featuredmedia":[{"embeddable":true,"href":"https:\/\/oktoberfest-tischreservierungen.de\/en\/wp-json\/wp\/v2\/media\/25348"}],"wp:attachment":[{"href":"https:\/\/oktoberfest-tischreservierungen.de\/en\/wp-json\/wp\/v2\/media?parent=25334"}],"wp:term":[{"taxonomy":"category","embeddable":true,"href":"https:\/\/oktoberfest-tischreservierungen.de\/en\/wp-json\/wp\/v2\/categories?post=25334"},{"taxonomy":"post_tag","embeddable":true,"href":"https:\/\/oktoberfest-tischreservierungen.de\/en\/wp-json\/wp\/v2\/tags?post=25334"}],"curies":[{"name":"wp","href":"https:\/\/api.w.org\/{rel}","templated":true}]}}