{"id":25417,"date":"2016-08-30T14:13:00","date_gmt":"2016-08-30T12:13:00","guid":{"rendered":"https:\/\/keen-proskuriakova.161-35-210-132.plesk.page\/?p=25417"},"modified":"2021-10-21T13:04:06","modified_gmt":"2021-10-21T11:04:06","slug":"termine-und-veranstaltungen-die-sie-nicht-verpassen-sollten","status":"publish","type":"post","link":"https:\/\/oktoberfest-tischreservierungen.de\/en\/termine-und-veranstaltungen-die-sie-nicht-verpassen-sollten\/","title":{"rendered":"Termine und Veranstaltungen die Sie nicht verpassen sollten."},"content":{"rendered":"<p>Bald Beginnt das 183. Oktoberfest in M\u00fcnchen auf der Theresienwiese.<\/p>\n<p>Zwei Wochen liegen zwischen dem Einzug der Wiesenwirte und dem letzten Schluck Bier im Festzelt. Dazwischen gibt es einiges auf dem gr\u00f6\u00dften Volksfest der Welt, dass Sie nicht verpassen sollten.<\/p>\n<p>So geht es am 17.09 im Schottenhamel Festzelt (zu allen Reservierungen im Schottenhamel) wie jedes Jahr mit der Er\u00f6ffnung der Wiesn und dem Anstich mit anschlie\u00dfendem &#8222;O\u2018zapft is&#8220; vom B\u00fcrgermeister los. Aber auch danach lohnt es sich einen Platz in einem der gro\u00dfen Zelte zu sichern.Denn voll wird es auf jeden Fall.<\/p>\n<p>Wer den Einzug der Wiesnwirte verpasst hat oder mehr sehen will, kann sich am ersten Wiesn Sonntag vom bunten treiben beim Trachten und Sch\u00fctzenzug \u00fcberzeugen.<\/p>\n<p>An jedem Dienstag freuen sich die kleinen G\u00e4ste auf den Familientag \u00fcber erm\u00e4\u00dfigte Fahr-, Eintritts- und Imbisspreisen. An den Sonntagen liegen viele dann der Bavaria zu F\u00fc\u00dfen. Am 25.09 um 11 Uhr k\u00f6nnen Sie dem Standkonzert der Wiesn Kapelle lauschen und als Abschluss am letzten Sonntag wird Ihnen hier um 12 Uhr das B\u00f6llerschie\u00dfen des Bayerischen Sportsch\u00fctzenbundes geboten.<\/p>\n<p>F\u00fcr die besten Pl\u00e4tze buchen Sie Ihren Tisch immer auf oktoberfest-tischreservierungen.de<\/p>","protected":false},"excerpt":{"rendered":"<p>Bald Beginnt das 183. Oktoberfest in M\u00fcnchen auf der Theresienwiese.<\/p>\n<p>Zwei Wochen liegen zwischen dem Einzug der Wiesenwirte und dem letzten Schluck Bier im Festzelt. Dazwischen gibt es einiges auf dem gr\u00f6\u00dften Volksfest der Welt, dass Sie nicht verpassen sollten.<\/p>","protected":false},"author":8,"featured_media":25418,"comment_status":"open","ping_status":"open","sticky":false,"template":"","format":"standard","meta":{"_eb_attr":"","content-type":"","ocean_post_layout":"","ocean_both_sidebars_style":"","ocean_both_sidebars_content_width":0,"ocean_both_sidebars_sidebars_width":0,"ocean_sidebar":"0","ocean_second_sidebar":"0","ocean_disable_margins":"enable","ocean_add_body_class":"","ocean_shortcode_before_top_bar":"","ocean_shortcode_after_top_bar":"","ocean_shortcode_before_header":"","ocean_shortcode_after_header":"","ocean_has_shortcode":"","ocean_shortcode_after_title":"","ocean_shortcode_before_footer_widgets":"","ocean_shortcode_after_footer_widgets":"","ocean_shortcode_before_footer_bottom":"","ocean_shortcode_after_footer_bottom":"","ocean_display_top_bar":"default","ocean_display_header":"default","ocean_header_style":"","ocean_center_header_left_menu":"0","ocean_custom_header_template":"0","ocean_custom_logo":0,"ocean_custom_retina_logo":0,"ocean_custom_logo_max_width":0,"ocean_custom_logo_tablet_max_width":0,"ocean_custom_logo_mobile_max_width":0,"ocean_custom_logo_max_height":0,"ocean_custom_logo_tablet_max_height":0,"ocean_custom_logo_mobile_max_height":0,"ocean_header_custom_menu":"0","ocean_menu_typo_font_family":"0","ocean_menu_typo_font_subset":"","ocean_menu_typo_font_size":0,"ocean_menu_typo_font_size_tablet":0,"ocean_menu_typo_font_size_mobile":0,"ocean_menu_typo_font_size_unit":"px","ocean_menu_typo_font_weight":"","ocean_menu_typo_font_weight_tablet":"","ocean_menu_typo_font_weight_mobile":"","ocean_menu_typo_transform":"","ocean_menu_typo_transform_tablet":"","ocean_menu_typo_transform_mobile":"","ocean_menu_typo_line_height":0,"ocean_menu_typo_line_height_tablet":0,"ocean_menu_typo_line_height_mobile":0,"ocean_menu_typo_line_height_unit":"","ocean_menu_typo_spacing":0,"ocean_menu_typo_spacing_tablet":0,"ocean_menu_typo_spacing_mobile":0,"ocean_menu_typo_spacing_unit":"","ocean_menu_link_color":"","ocean_menu_link_color_hover":"","ocean_menu_link_color_active":"","ocean_menu_link_background":"","ocean_menu_link_hover_background":"","ocean_menu_link_active_background":"","ocean_menu_social_links_bg":"","ocean_menu_social_hover_links_bg":"","ocean_menu_social_links_color":"","ocean_menu_social_hover_links_color":"","ocean_disable_title":"default","ocean_disable_heading":"default","ocean_post_title":"","ocean_post_subheading":"","ocean_post_title_style":"","ocean_post_title_background_color":"","ocean_post_title_background":0,"ocean_post_title_bg_image_position":"","ocean_post_title_bg_image_attachment":"","ocean_post_title_bg_image_repeat":"","ocean_post_title_bg_image_size":"","ocean_post_title_height":0,"ocean_post_title_bg_overlay":0.5,"ocean_post_title_bg_overlay_color":"","ocean_disable_breadcrumbs":"default","ocean_breadcrumbs_color":"","ocean_breadcrumbs_separator_color":"","ocean_breadcrumbs_links_color":"","ocean_breadcrumbs_links_hover_color":"","ocean_display_footer_widgets":"default","ocean_display_footer_bottom":"default","ocean_custom_footer_template":"0","ocean_post_oembed":"","ocean_post_self_hosted_media":"","ocean_post_video_embed":"","ocean_link_format":"","ocean_link_format_target":"self","ocean_quote_format":"","ocean_quote_format_link":"post","ocean_gallery_link_images":"off","ocean_gallery_id":[],"footnotes":""},"categories":[30,1],"tags":[],"class_list":["post-25417","post","type-post","status-publish","format-standard","has-post-thumbnail","hentry","category-information","category-uncategorised","entry","has-media","owp-thumbs-layout-horizontal","owp-btn-big","owp-tabs-layout-horizontal","has-no-thumbnails"],"_links":{"self":[{"href":"https:\/\/oktoberfest-tischreservierungen.de\/en\/wp-json\/wp\/v2\/posts\/25417","targetHints":{"allow":["GET"]}}],"collection":[{"href":"https:\/\/oktoberfest-tischreservierungen.de\/en\/wp-json\/wp\/v2\/posts"}],"about":[{"href":"https:\/\/oktoberfest-tischreservierungen.de\/en\/wp-json\/wp\/v2\/types\/post"}],"author":[{"embeddable":true,"href":"https:\/\/oktoberfest-tischreservierungen.de\/en\/wp-json\/wp\/v2\/users\/8"}],"replies":[{"embeddable":true,"href":"https:\/\/oktoberfest-tischreservierungen.de\/en\/wp-json\/wp\/v2\/comments?post=25417"}],"version-history":[{"count":1,"href":"https:\/\/oktoberfest-tischreservierungen.de\/en\/wp-json\/wp\/v2\/posts\/25417\/revisions"}],"predecessor-version":[{"id":25419,"href":"https:\/\/oktoberfest-tischreservierungen.de\/en\/wp-json\/wp\/v2\/posts\/25417\/revisions\/25419"}],"wp:featuredmedia":[{"embeddable":true,"href":"https:\/\/oktoberfest-tischreservierungen.de\/en\/wp-json\/wp\/v2\/media\/25418"}],"wp:attachment":[{"href":"https:\/\/oktoberfest-tischreservierungen.de\/en\/wp-json\/wp\/v2\/media?parent=25417"}],"wp:term":[{"taxonomy":"category","embeddable":true,"href":"https:\/\/oktoberfest-tischreservierungen.de\/en\/wp-json\/wp\/v2\/categories?post=25417"},{"taxonomy":"post_tag","embeddable":true,"href":"https:\/\/oktoberfest-tischreservierungen.de\/en\/wp-json\/wp\/v2\/tags?post=25417"}],"curies":[{"name":"wp","href":"https:\/\/api.w.org\/{rel}","templated":true}]}}